{"id":7025,"date":"2025-07-21T18:35:01","date_gmt":"2025-07-21T17:35:01","guid":{"rendered":"https:\/\/www.piveteaubois.com\/?p=7025"},"modified":"2025-07-22T11:55:36","modified_gmt":"2025-07-22T10:55:36","slug":"piveteaubois-salon-sibca-paris-septembre-2025","status":"publish","type":"post","link":"https:\/\/www.piveteaubois.com\/fr\/actualites\/piveteaubois-salon-sibca-paris-septembre-2025","title":{"rendered":"Retrouvez-nous au salon SIBCA 2025"},"content":{"rendered":"\n<h2><strong>PIVETEAUBOIS participe au salon SIBCA 2025 \u00e0 Paris \u2013 Grand Palais, du 3 au 5 septembre.<\/strong><\/h2>\n\n\n\n<p><br>Nous vous donnons rendez-vous \u00e0 l\u2019\u00e9dition 2025 du <strong>SIBCA \u2013 Salon de l\u2019Immobilier Bas Carbone<\/strong>, o\u00f9 nos \u00e9quipes de prescription et PROJETSBOIS seront pr\u00e9sentes pour vous conseiller nos solutions bois innovantes, bas carbone et performantes.<\/p>\n\n\n\n<p>Retrouvez-nous sur notre stand, emplacement <strong>E1, <\/strong>et participez \u00e0 nos <strong>animations conf\u00e9rences<\/strong> d\u00e9di\u00e9es \u00e0 la construction durable et aux solutions techniques de demain.<\/p>\n\n\n\n<h2><strong>3 conf\u00e9rences techniques \u00e0 ne pas manquer\u00a0!<\/strong><\/h2>\n\n\n\n<p><h3>NOS NOUVEAUT\u00c9S SUR LE CLT HEXAPLI<\/h3><\/p>\n\n\n\n<p><strong>Mercredi 3 septembre<\/strong><br>&gt; <em>Intervenant : Laurent Duport &#8211; D\u00e9veloppeur d\u2019affaires PROJETSBOIS<\/em><\/p>\n\n\n\n<p>D\u00e9couvrez les derni\u00e8res avanc\u00e9es autour de notre panneau <strong>CLT Hexapli<\/strong>, d\u00e9sormais soutenu par une <strong>ETA<\/strong>, un <strong>marquage CE<\/strong>, un <strong>DTA<\/strong> et la version 5 de notre <strong>Avis Technique<\/strong>.<br>Focus sur sa <strong>FDES<\/strong>, la plus performante du march\u00e9 du CLT, ses <strong>guides techniques <\/strong>dont le nouveau sur les abaques de dimensionnement, et les r\u00e9sultats de l\u2019<strong>\u00e9tude de performance du syst\u00e8me PARKA<\/strong>, qui participe \u00e0 la gestion de l\u2019humidit\u00e9 sur chantier.<\/p>\n\n\n\n<p><h3>SYSTEMES CONSTRUCTIFS INNOVANTS DANS LA CONSTRUCTION FEU<\/h3><p>\n\n\n\n<p><strong>Jeudi 4 septembre<\/strong><br>&gt; <em>Intervenants : Gw\u00e9nol\u00e9 Lees &#8211; Directeur de la Prescription et Chef de march\u00e9 Construction Bois &amp; Arnaud Porte &#8211; Directeur Technique et D\u00e9veloppement de Xella France<\/em><\/p>\n\n\n\n<p>Pr\u00e9sentation d\u2019un <strong>syst\u00e8me de protection feu<\/strong> pour les murs et planchers en <strong>CLT Hexapli<\/strong> \u00e0 l\u2019aide de panneaux <strong>hebel (b\u00e9ton cellulaire) de Xella avec des performances REI 60 \u00e0 REI 240<\/strong>.<\/p>\n\n\n\n<p><h3>PIVOLTA<\/h3><\/p>\n\n\n\n<p><strong>Vendredi 5 septembre<\/strong><br>&gt; <em>Intervenant : Samuel Lassalas &#8211; Equipements des Collectivit\u00e9s<\/em><\/p>\n\n\n\n<p>D\u00e9couvrez <strong>PIVOLTA<\/strong>, notre gamme de structures bois standard pour ombri\u00e8res photovolta\u00efques.<\/p>\n\n\n\n<p>Nos charg\u00e9s de <strong>prescription<\/strong> et <strong>PROJETSBOIS <\/strong>seront mobilis\u00e9s tout au long du salon pour vous accompagner sur vos projets de construction avec du bois et des biosourc\u00e9s, avec des solutions techniques, des \u00e9tudes personnalis\u00e9es et des ressources d\u00e9di\u00e9es.<\/p>\n\n\n\n<p>&#8211; <strong>Infos pratiques<\/strong> &#8211;<\/p>\n\n\n\n<ul><li>Du 3 au 5 septembre 2025<\/li><li>Grand Palais, Paris<\/li><li>Plus d\u2019infos sur : <a href=\"https:\/\/www.networking-sibca.fr\/fr\/billetterie\" target=\"_blank\" rel=\"noreferrer noopener\">www.sibca.fr<\/a><\/li><\/ul>\n\n\n\n<p><\/p>\n","protected":false},"excerpt":{"rendered":"<p>D\u00e9couvrez nos solutions bois bas carbone pour concevoir, construire, r\u00e9nover les villes de demain, et notre service d\u2019accompagnement PROJETSBOIS.<\/p>\n","protected":false},"author":7,"featured_media":7029,"comment_status":"closed","ping_status":"closed","sticky":false,"template":"","format":"standard","meta":[],"categories":[11],"tags":[],"acf":[],"yoast_head":"<!-- This site is optimized with the Yoast SEO plugin v18.4.1 - https:\/\/yoast.com\/wordpress\/plugins\/seo\/ -->\n<title>Construction d\u00e9carbon\u00e9e avec PIVETEAUBOIS | SIBCA Paris<\/title>\n<meta name=\"description\" content=\"Piveteaubois sera au salon SIBCA 2025 \u00e0 Paris du 3 au 5 sept. Conf\u00e9rences, innovations CLT Hexapli, feu &amp; biosourc\u00e9s vous y attendent !\" \/>\n<meta name=\"robots\" content=\"index, follow, max-snippet:-1, max-image-preview:large, max-video-preview:-1\" \/>\n<link rel=\"canonical\" href=\"https:\/\/www.piveteaubois.com\/fr\/actualites\/piveteaubois-salon-sibca-paris-septembre-2025\" \/>\n<meta property=\"og:locale\" content=\"fr_FR\" \/>\n<meta property=\"og:type\" content=\"article\" \/>\n<meta property=\"og:title\" content=\"Construction d\u00e9carbon\u00e9e avec PIVETEAUBOIS | SIBCA Paris\" \/>\n<meta property=\"og:description\" content=\"Piveteaubois sera au salon SIBCA 2025 \u00e0 Paris du 3 au 5 sept. Conf\u00e9rences, innovations CLT Hexapli, feu &amp; biosourc\u00e9s vous y attendent !\" \/>\n<meta property=\"og:url\" content=\"https:\/\/www.piveteaubois.com\/fr\/actualites\/piveteaubois-salon-sibca-paris-septembre-2025\" \/>\n<meta property=\"og:site_name\" content=\"PiveteauBois\" \/>\n<meta property=\"article:published_time\" content=\"2025-07-21T17:35:01+00:00\" \/>\n<meta property=\"article:modified_time\" content=\"2025-07-22T10:55:36+00:00\" \/>\n<meta property=\"og:image\" content=\"https:\/\/www.piveteaubois.com\/wp-content\/uploads\/2025\/07\/PB_Salon_SIBCA_Page_Actu_200x200_0725.jpg\" \/>\n\t<meta property=\"og:image:width\" content=\"200\" \/>\n\t<meta property=\"og:image:height\" content=\"200\" \/>\n\t<meta property=\"og:image:type\" content=\"image\/jpeg\" \/>\n<meta name=\"twitter:card\" content=\"summary\" \/>\n<meta name=\"twitter:label1\" content=\"\u00c9crit par\" \/>\n\t<meta name=\"twitter:data1\" content=\"Sophie Jan\" \/>\n\t<meta name=\"twitter:label2\" content=\"Dur\u00e9e de lecture estim\u00e9e\" \/>\n\t<meta name=\"twitter:data2\" content=\"2 minutes\" \/>\n<script type=\"application\/ld+json\" class=\"yoast-schema-graph\">{\"@context\":\"https:\/\/schema.org\",\"@graph\":[{\"@type\":\"WebSite\",\"@id\":\"https:\/\/www.piveteaubois.com\/fr\/#website\",\"url\":\"https:\/\/www.piveteaubois.com\/fr\/\",\"name\":\"PiveteauBois\",\"description\":\"Piveteaubois sp\u00e9cialiste du bois depuis plus de 75 ans\",\"potentialAction\":[{\"@type\":\"SearchAction\",\"target\":{\"@type\":\"EntryPoint\",\"urlTemplate\":\"https:\/\/www.piveteaubois.com\/fr\/?s={search_term_string}\"},\"query-input\":\"required name=search_term_string\"}],\"inLanguage\":\"fr-FR\"},{\"@type\":\"ImageObject\",\"@id\":\"https:\/\/www.piveteaubois.com\/fr\/actualites\/piveteaubois-salon-sibca-paris-septembre-2025#primaryimage\",\"inLanguage\":\"fr-FR\",\"url\":\"https:\/\/www.piveteaubois.com\/wp-content\/uploads\/2025\/07\/PB_Salon_SIBCA_Page_Actu_200x200_0725.jpg\",\"contentUrl\":\"https:\/\/www.piveteaubois.com\/wp-content\/uploads\/2025\/07\/PB_Salon_SIBCA_Page_Actu_200x200_0725.jpg\",\"width\":200,\"height\":200,\"caption\":\"Piveteaubois participe au salon SIBCA septembre 2025\"},{\"@type\":\"WebPage\",\"@id\":\"https:\/\/www.piveteaubois.com\/fr\/actualites\/piveteaubois-salon-sibca-paris-septembre-2025#webpage\",\"url\":\"https:\/\/www.piveteaubois.com\/fr\/actualites\/piveteaubois-salon-sibca-paris-septembre-2025\",\"name\":\"Construction d\u00e9carbon\u00e9e avec PIVETEAUBOIS | SIBCA Paris\",\"isPartOf\":{\"@id\":\"https:\/\/www.piveteaubois.com\/fr\/#website\"},\"primaryImageOfPage\":{\"@id\":\"https:\/\/www.piveteaubois.com\/fr\/actualites\/piveteaubois-salon-sibca-paris-septembre-2025#primaryimage\"},\"datePublished\":\"2025-07-21T17:35:01+00:00\",\"dateModified\":\"2025-07-22T10:55:36+00:00\",\"author\":{\"@id\":\"https:\/\/www.piveteaubois.com\/fr\/#\/schema\/person\/d08f366a692c2101babc23186424d408\"},\"description\":\"Piveteaubois sera au salon SIBCA 2025 \u00e0 Paris du 3 au 5 sept. Conf\u00e9rences, innovations CLT Hexapli, feu & biosourc\u00e9s vous y attendent !\",\"breadcrumb\":{\"@id\":\"https:\/\/www.piveteaubois.com\/fr\/actualites\/piveteaubois-salon-sibca-paris-septembre-2025#breadcrumb\"},\"inLanguage\":\"fr-FR\",\"potentialAction\":[{\"@type\":\"ReadAction\",\"target\":[\"https:\/\/www.piveteaubois.com\/fr\/actualites\/piveteaubois-salon-sibca-paris-septembre-2025\"]}]},{\"@type\":\"BreadcrumbList\",\"@id\":\"https:\/\/www.piveteaubois.com\/fr\/actualites\/piveteaubois-salon-sibca-paris-septembre-2025#breadcrumb\",\"itemListElement\":[{\"@type\":\"ListItem\",\"position\":1,\"name\":\"Accueil\",\"item\":\"https:\/\/www.piveteaubois.com\/fr\"},{\"@type\":\"ListItem\",\"position\":2,\"name\":\"Retrouvez-nous au salon SIBCA 2025\"}]},{\"@type\":\"Person\",\"@id\":\"https:\/\/www.piveteaubois.com\/fr\/#\/schema\/person\/d08f366a692c2101babc23186424d408\",\"name\":\"Sophie Jan\",\"url\":\"https:\/\/www.piveteaubois.com\/fr\/author\/sjan\"}]}<\/script>\n<!-- \/ Yoast SEO plugin. -->","yoast_head_json":{"title":"Construction d\u00e9carbon\u00e9e avec PIVETEAUBOIS | SIBCA Paris","description":"Piveteaubois sera au salon SIBCA 2025 \u00e0 Paris du 3 au 5 sept. Conf\u00e9rences, innovations CLT Hexapli, feu & biosourc\u00e9s vous y attendent !","robots":{"index":"index","follow":"follow","max-snippet":"max-snippet:-1","max-image-preview":"max-image-preview:large","max-video-preview":"max-video-preview:-1"},"canonical":"https:\/\/www.piveteaubois.com\/fr\/actualites\/piveteaubois-salon-sibca-paris-septembre-2025","og_locale":"fr_FR","og_type":"article","og_title":"Construction d\u00e9carbon\u00e9e avec PIVETEAUBOIS | SIBCA Paris","og_description":"Piveteaubois sera au salon SIBCA 2025 \u00e0 Paris du 3 au 5 sept. Conf\u00e9rences, innovations CLT Hexapli, feu & biosourc\u00e9s vous y attendent !","og_url":"https:\/\/www.piveteaubois.com\/fr\/actualites\/piveteaubois-salon-sibca-paris-septembre-2025","og_site_name":"PiveteauBois","article_published_time":"2025-07-21T17:35:01+00:00","article_modified_time":"2025-07-22T10:55:36+00:00","og_image":[{"width":200,"height":200,"url":"https:\/\/www.piveteaubois.com\/wp-content\/uploads\/2025\/07\/PB_Salon_SIBCA_Page_Actu_200x200_0725.jpg","type":"image\/jpeg"}],"twitter_card":"summary","twitter_misc":{"\u00c9crit par":"Sophie Jan","Dur\u00e9e de lecture estim\u00e9e":"2 minutes"},"schema":{"@context":"https:\/\/schema.org","@graph":[{"@type":"WebSite","@id":"https:\/\/www.piveteaubois.com\/fr\/#website","url":"https:\/\/www.piveteaubois.com\/fr\/","name":"PiveteauBois","description":"Piveteaubois sp\u00e9cialiste du bois depuis plus de 75 ans","potentialAction":[{"@type":"SearchAction","target":{"@type":"EntryPoint","urlTemplate":"https:\/\/www.piveteaubois.com\/fr\/?s={search_term_string}"},"query-input":"required name=search_term_string"}],"inLanguage":"fr-FR"},{"@type":"ImageObject","@id":"https:\/\/www.piveteaubois.com\/fr\/actualites\/piveteaubois-salon-sibca-paris-septembre-2025#primaryimage","inLanguage":"fr-FR","url":"https:\/\/www.piveteaubois.com\/wp-content\/uploads\/2025\/07\/PB_Salon_SIBCA_Page_Actu_200x200_0725.jpg","contentUrl":"https:\/\/www.piveteaubois.com\/wp-content\/uploads\/2025\/07\/PB_Salon_SIBCA_Page_Actu_200x200_0725.jpg","width":200,"height":200,"caption":"Piveteaubois participe au salon SIBCA septembre 2025"},{"@type":"WebPage","@id":"https:\/\/www.piveteaubois.com\/fr\/actualites\/piveteaubois-salon-sibca-paris-septembre-2025#webpage","url":"https:\/\/www.piveteaubois.com\/fr\/actualites\/piveteaubois-salon-sibca-paris-septembre-2025","name":"Construction d\u00e9carbon\u00e9e avec PIVETEAUBOIS | SIBCA Paris","isPartOf":{"@id":"https:\/\/www.piveteaubois.com\/fr\/#website"},"primaryImageOfPage":{"@id":"https:\/\/www.piveteaubois.com\/fr\/actualites\/piveteaubois-salon-sibca-paris-septembre-2025#primaryimage"},"datePublished":"2025-07-21T17:35:01+00:00","dateModified":"2025-07-22T10:55:36+00:00","author":{"@id":"https:\/\/www.piveteaubois.com\/fr\/#\/schema\/person\/d08f366a692c2101babc23186424d408"},"description":"Piveteaubois sera au salon SIBCA 2025 \u00e0 Paris du 3 au 5 sept. Conf\u00e9rences, innovations CLT Hexapli, feu & biosourc\u00e9s vous y attendent !","breadcrumb":{"@id":"https:\/\/www.piveteaubois.com\/fr\/actualites\/piveteaubois-salon-sibca-paris-septembre-2025#breadcrumb"},"inLanguage":"fr-FR","potentialAction":[{"@type":"ReadAction","target":["https:\/\/www.piveteaubois.com\/fr\/actualites\/piveteaubois-salon-sibca-paris-septembre-2025"]}]},{"@type":"BreadcrumbList","@id":"https:\/\/www.piveteaubois.com\/fr\/actualites\/piveteaubois-salon-sibca-paris-septembre-2025#breadcrumb","itemListElement":[{"@type":"ListItem","position":1,"name":"Accueil","item":"https:\/\/www.piveteaubois.com\/fr"},{"@type":"ListItem","position":2,"name":"Retrouvez-nous au salon SIBCA 2025"}]},{"@type":"Person","@id":"https:\/\/www.piveteaubois.com\/fr\/#\/schema\/person\/d08f366a692c2101babc23186424d408","name":"Sophie Jan","url":"https:\/\/www.piveteaubois.com\/fr\/author\/sjan"}]}},"_links":{"self":[{"href":"https:\/\/www.piveteaubois.com\/fr\/wp-json\/wp\/v2\/posts\/7025"}],"collection":[{"href":"https:\/\/www.piveteaubois.com\/fr\/wp-json\/wp\/v2\/posts"}],"about":[{"href":"https:\/\/www.piveteaubois.com\/fr\/wp-json\/wp\/v2\/types\/post"}],"author":[{"embeddable":true,"href":"https:\/\/www.piveteaubois.com\/fr\/wp-json\/wp\/v2\/users\/7"}],"replies":[{"embeddable":true,"href":"https:\/\/www.piveteaubois.com\/fr\/wp-json\/wp\/v2\/comments?post=7025"}],"version-history":[{"count":10,"href":"https:\/\/www.piveteaubois.com\/fr\/wp-json\/wp\/v2\/posts\/7025\/revisions"}],"predecessor-version":[{"id":7040,"href":"https:\/\/www.piveteaubois.com\/fr\/wp-json\/wp\/v2\/posts\/7025\/revisions\/7040"}],"wp:featuredmedia":[{"embeddable":true,"href":"https:\/\/www.piveteaubois.com\/fr\/wp-json\/wp\/v2\/media\/7029"}],"wp:attachment":[{"href":"https:\/\/www.piveteaubois.com\/fr\/wp-json\/wp\/v2\/media?parent=7025"}],"wp:term":[{"taxonomy":"category","embeddable":true,"href":"https:\/\/www.piveteaubois.com\/fr\/wp-json\/wp\/v2\/categories?post=7025"},{"taxonomy":"post_tag","embeddable":true,"href":"https:\/\/www.piveteaubois.com\/fr\/wp-json\/wp\/v2\/tags?post=7025"}],"curies":[{"name":"wp","href":"https:\/\/api.w.org\/{rel}","templated":true}]}}