{"id":7218,"date":"2025-09-12T15:53:16","date_gmt":"2025-09-12T14:53:16","guid":{"rendered":"https:\/\/www.piveteaubois.com\/?p=7218"},"modified":"2025-09-12T15:53:16","modified_gmt":"2025-09-12T14:53:16","slug":"reunion-publique-piveteau-septembre-2025","status":"publish","type":"post","link":"https:\/\/www.piveteaubois.com\/fr\/actualites\/reunion-publique-piveteau-septembre-2025","title":{"rendered":"R\u00e9union publique PIVETEAU"},"content":{"rendered":"\n<h2><strong>Qualit\u00e9 de l\u2019air et chaudi\u00e8re CSR<\/strong><\/h2>\n\n\n\n<p>Apr\u00e8s une premi\u00e8re table ronde d\u00e9di\u00e9e aux risques sanitaires en lien avec la chaudi\u00e8re CSR (Combustible Solide de R\u00e9cup\u00e9ration), nous invitons les riverains pour une nouvelle rencontre qui vise \u00e0 approfondir <strong>une pr\u00e9occupation essentielle : la qualit\u00e9 de l\u2019air.<\/strong><\/p>\n\n\n\n<p>Elle aura lieu le <strong>mardi 30 septembre \u00e0 18 h \u00e0 la Salle du Vallon<\/strong> (85140 Sainte-Florence).<\/p>\n\n\n\n<h2><strong>AU PROGRAMME&nbsp;: QUEL EST L\u2019IMPACT DE LA CHAUDI\u00c8RE CSR SUR LA QUALIT\u00c9 DE L\u2019AIR&nbsp;?<\/strong><\/h2>\n\n\n\n<p>Avec l\u2019intervention de :<\/p>\n\n\n\n<ul><li>Air Pays de la Loire avec Kristan Cuny-Guirriec &#8211; Comprendre la qualit\u00e9 de l\u2019air et les indicateurs<\/li><li>Association Toxicologie Chimie avec Fr\u00e9d\u00e9ric Gaidou &#8211; Expliquer l\u2019influence de la qualit\u00e9 de l\u2019air sur la sant\u00e9<\/li><li>EODD avec Adrien Labarsouque &#8211; \u00c9valuer les risques sanitaires li\u00e9s aux \u00e9missions<\/li><li>SOCOTEC avec Julien Reulier &#8211; Contr\u00f4ler et valider les mesures en continu<\/li><li>PIVETEAU avec Fr\u00e9d\u00e9ric Chiron et Charlotte Guy &#8211; Garantir les proc\u00e9dures internes en cas de d\u00e9passement des seuils<\/li><\/ul>\n\n\n\n<h2><strong>UN TEMPS D\u2019\u00c9CHANGE, DE TRANSPARENCE ET DE R\u00c9PONSES<\/strong><\/h2>\n\n\n\n<p>Nous avons pr\u00e9vu un point sur les actions visant \u00e0 r\u00e9duire l\u2019impact associ\u00e9 au site : bruits et \u00e9missions de poussi\u00e8res.<\/p>\n\n\n\n<p>Nous comptons sur votre pr\u00e9sence pour poser vos questions, partager vos remarques et contribuer \u00e0 un dialogue transparent.<\/p>\n","protected":false},"excerpt":{"rendered":"<p>Quel est l\u2019impact de la chaudi\u00e8re CSR sur la qualit\u00e9 de l\u2019air ? Une nouvelle table ronde aura lieu pour approfondir ce sujet aupr\u00e8s des riverains de Sainte-Florence.<\/p>\n","protected":false},"author":10,"featured_media":7217,"comment_status":"closed","ping_status":"closed","sticky":false,"template":"","format":"standard","meta":[],"categories":[11],"tags":[],"acf":[],"yoast_head":"<!-- This site is optimized with the Yoast SEO plugin v18.4.1 - https:\/\/yoast.com\/wordpress\/plugins\/seo\/ -->\n<title>R\u00e9union publique \u00e0 Sainte-Florence | PIVETEAU<\/title>\n<meta name=\"description\" content=\"Quel est l\u2019impact de la chaudi\u00e8re CSR sur la qualit\u00e9 de l\u2019air ? Une nouvelle table ronde aura lieu pour approfondir ce sujet aupr\u00e8s des riverains.\" \/>\n<meta name=\"robots\" content=\"index, follow, max-snippet:-1, max-image-preview:large, max-video-preview:-1\" \/>\n<link rel=\"canonical\" href=\"https:\/\/www.piveteaubois.com\/fr\/actualites\/reunion-publique-piveteau-septembre-2025\" \/>\n<meta property=\"og:locale\" content=\"fr_FR\" \/>\n<meta property=\"og:type\" content=\"article\" \/>\n<meta property=\"og:title\" content=\"R\u00e9union publique \u00e0 Sainte-Florence | PIVETEAU\" \/>\n<meta property=\"og:description\" content=\"Quel est l\u2019impact de la chaudi\u00e8re CSR sur la qualit\u00e9 de l\u2019air ? Une nouvelle table ronde aura lieu pour approfondir ce sujet aupr\u00e8s des riverains.\" \/>\n<meta property=\"og:url\" content=\"https:\/\/www.piveteaubois.com\/fr\/actualites\/reunion-publique-piveteau-septembre-2025\" \/>\n<meta property=\"og:site_name\" content=\"PiveteauBois\" \/>\n<meta property=\"article:published_time\" content=\"2025-09-12T14:53:16+00:00\" \/>\n<meta property=\"og:image\" content=\"https:\/\/www.piveteaubois.com\/wp-content\/uploads\/2025\/09\/miniature-actualite-reunion-publique-piveteau-sainte-florence-septembre-2025.jpg\" \/>\n\t<meta property=\"og:image:width\" content=\"200\" \/>\n\t<meta property=\"og:image:height\" content=\"200\" \/>\n\t<meta property=\"og:image:type\" content=\"image\/jpeg\" \/>\n<meta name=\"twitter:card\" content=\"summary\" \/>\n<meta name=\"twitter:label1\" content=\"\u00c9crit par\" \/>\n\t<meta name=\"twitter:data1\" content=\"M\u00e9lissa Michaud\" \/>\n\t<meta name=\"twitter:label2\" content=\"Dur\u00e9e de lecture estim\u00e9e\" \/>\n\t<meta name=\"twitter:data2\" content=\"1 minute\" \/>\n<script type=\"application\/ld+json\" class=\"yoast-schema-graph\">{\"@context\":\"https:\/\/schema.org\",\"@graph\":[{\"@type\":\"WebSite\",\"@id\":\"https:\/\/www.piveteaubois.com\/fr\/#website\",\"url\":\"https:\/\/www.piveteaubois.com\/fr\/\",\"name\":\"PiveteauBois\",\"description\":\"Piveteaubois sp\u00e9cialiste du bois depuis plus de 75 ans\",\"potentialAction\":[{\"@type\":\"SearchAction\",\"target\":{\"@type\":\"EntryPoint\",\"urlTemplate\":\"https:\/\/www.piveteaubois.com\/fr\/?s={search_term_string}\"},\"query-input\":\"required name=search_term_string\"}],\"inLanguage\":\"fr-FR\"},{\"@type\":\"ImageObject\",\"@id\":\"https:\/\/www.piveteaubois.com\/fr\/actualites\/reunion-publique-piveteau-septembre-2025#primaryimage\",\"inLanguage\":\"fr-FR\",\"url\":\"https:\/\/www.piveteaubois.com\/wp-content\/uploads\/2025\/09\/miniature-actualite-reunion-publique-piveteau-sainte-florence-septembre-2025.jpg\",\"contentUrl\":\"https:\/\/www.piveteaubois.com\/wp-content\/uploads\/2025\/09\/miniature-actualite-reunion-publique-piveteau-sainte-florence-septembre-2025.jpg\",\"width\":200,\"height\":200},{\"@type\":\"WebPage\",\"@id\":\"https:\/\/www.piveteaubois.com\/fr\/actualites\/reunion-publique-piveteau-septembre-2025#webpage\",\"url\":\"https:\/\/www.piveteaubois.com\/fr\/actualites\/reunion-publique-piveteau-septembre-2025\",\"name\":\"R\u00e9union publique \u00e0 Sainte-Florence | PIVETEAU\",\"isPartOf\":{\"@id\":\"https:\/\/www.piveteaubois.com\/fr\/#website\"},\"primaryImageOfPage\":{\"@id\":\"https:\/\/www.piveteaubois.com\/fr\/actualites\/reunion-publique-piveteau-septembre-2025#primaryimage\"},\"datePublished\":\"2025-09-12T14:53:16+00:00\",\"dateModified\":\"2025-09-12T14:53:16+00:00\",\"author\":{\"@id\":\"https:\/\/www.piveteaubois.com\/fr\/#\/schema\/person\/8cad22b1ab569200e5db6d29dec9e7d1\"},\"description\":\"Quel est l\u2019impact de la chaudi\u00e8re CSR sur la qualit\u00e9 de l\u2019air ? Une nouvelle table ronde aura lieu pour approfondir ce sujet aupr\u00e8s des riverains.\",\"breadcrumb\":{\"@id\":\"https:\/\/www.piveteaubois.com\/fr\/actualites\/reunion-publique-piveteau-septembre-2025#breadcrumb\"},\"inLanguage\":\"fr-FR\",\"potentialAction\":[{\"@type\":\"ReadAction\",\"target\":[\"https:\/\/www.piveteaubois.com\/fr\/actualites\/reunion-publique-piveteau-septembre-2025\"]}]},{\"@type\":\"BreadcrumbList\",\"@id\":\"https:\/\/www.piveteaubois.com\/fr\/actualites\/reunion-publique-piveteau-septembre-2025#breadcrumb\",\"itemListElement\":[{\"@type\":\"ListItem\",\"position\":1,\"name\":\"Accueil\",\"item\":\"https:\/\/www.piveteaubois.com\/fr\"},{\"@type\":\"ListItem\",\"position\":2,\"name\":\"R\u00e9union publique PIVETEAU\"}]},{\"@type\":\"Person\",\"@id\":\"https:\/\/www.piveteaubois.com\/fr\/#\/schema\/person\/8cad22b1ab569200e5db6d29dec9e7d1\",\"name\":\"M\u00e9lissa Michaud\",\"url\":\"https:\/\/www.piveteaubois.com\/fr\/author\/mmichaud\"}]}<\/script>\n<!-- \/ Yoast SEO plugin. -->","yoast_head_json":{"title":"R\u00e9union publique \u00e0 Sainte-Florence | PIVETEAU","description":"Quel est l\u2019impact de la chaudi\u00e8re CSR sur la qualit\u00e9 de l\u2019air ? Une nouvelle table ronde aura lieu pour approfondir ce sujet aupr\u00e8s des riverains.","robots":{"index":"index","follow":"follow","max-snippet":"max-snippet:-1","max-image-preview":"max-image-preview:large","max-video-preview":"max-video-preview:-1"},"canonical":"https:\/\/www.piveteaubois.com\/fr\/actualites\/reunion-publique-piveteau-septembre-2025","og_locale":"fr_FR","og_type":"article","og_title":"R\u00e9union publique \u00e0 Sainte-Florence | PIVETEAU","og_description":"Quel est l\u2019impact de la chaudi\u00e8re CSR sur la qualit\u00e9 de l\u2019air ? Une nouvelle table ronde aura lieu pour approfondir ce sujet aupr\u00e8s des riverains.","og_url":"https:\/\/www.piveteaubois.com\/fr\/actualites\/reunion-publique-piveteau-septembre-2025","og_site_name":"PiveteauBois","article_published_time":"2025-09-12T14:53:16+00:00","og_image":[{"width":200,"height":200,"url":"https:\/\/www.piveteaubois.com\/wp-content\/uploads\/2025\/09\/miniature-actualite-reunion-publique-piveteau-sainte-florence-septembre-2025.jpg","type":"image\/jpeg"}],"twitter_card":"summary","twitter_misc":{"\u00c9crit par":"M\u00e9lissa Michaud","Dur\u00e9e de lecture estim\u00e9e":"1 minute"},"schema":{"@context":"https:\/\/schema.org","@graph":[{"@type":"WebSite","@id":"https:\/\/www.piveteaubois.com\/fr\/#website","url":"https:\/\/www.piveteaubois.com\/fr\/","name":"PiveteauBois","description":"Piveteaubois sp\u00e9cialiste du bois depuis plus de 75 ans","potentialAction":[{"@type":"SearchAction","target":{"@type":"EntryPoint","urlTemplate":"https:\/\/www.piveteaubois.com\/fr\/?s={search_term_string}"},"query-input":"required name=search_term_string"}],"inLanguage":"fr-FR"},{"@type":"ImageObject","@id":"https:\/\/www.piveteaubois.com\/fr\/actualites\/reunion-publique-piveteau-septembre-2025#primaryimage","inLanguage":"fr-FR","url":"https:\/\/www.piveteaubois.com\/wp-content\/uploads\/2025\/09\/miniature-actualite-reunion-publique-piveteau-sainte-florence-septembre-2025.jpg","contentUrl":"https:\/\/www.piveteaubois.com\/wp-content\/uploads\/2025\/09\/miniature-actualite-reunion-publique-piveteau-sainte-florence-septembre-2025.jpg","width":200,"height":200},{"@type":"WebPage","@id":"https:\/\/www.piveteaubois.com\/fr\/actualites\/reunion-publique-piveteau-septembre-2025#webpage","url":"https:\/\/www.piveteaubois.com\/fr\/actualites\/reunion-publique-piveteau-septembre-2025","name":"R\u00e9union publique \u00e0 Sainte-Florence | PIVETEAU","isPartOf":{"@id":"https:\/\/www.piveteaubois.com\/fr\/#website"},"primaryImageOfPage":{"@id":"https:\/\/www.piveteaubois.com\/fr\/actualites\/reunion-publique-piveteau-septembre-2025#primaryimage"},"datePublished":"2025-09-12T14:53:16+00:00","dateModified":"2025-09-12T14:53:16+00:00","author":{"@id":"https:\/\/www.piveteaubois.com\/fr\/#\/schema\/person\/8cad22b1ab569200e5db6d29dec9e7d1"},"description":"Quel est l\u2019impact de la chaudi\u00e8re CSR sur la qualit\u00e9 de l\u2019air ? Une nouvelle table ronde aura lieu pour approfondir ce sujet aupr\u00e8s des riverains.","breadcrumb":{"@id":"https:\/\/www.piveteaubois.com\/fr\/actualites\/reunion-publique-piveteau-septembre-2025#breadcrumb"},"inLanguage":"fr-FR","potentialAction":[{"@type":"ReadAction","target":["https:\/\/www.piveteaubois.com\/fr\/actualites\/reunion-publique-piveteau-septembre-2025"]}]},{"@type":"BreadcrumbList","@id":"https:\/\/www.piveteaubois.com\/fr\/actualites\/reunion-publique-piveteau-septembre-2025#breadcrumb","itemListElement":[{"@type":"ListItem","position":1,"name":"Accueil","item":"https:\/\/www.piveteaubois.com\/fr"},{"@type":"ListItem","position":2,"name":"R\u00e9union publique PIVETEAU"}]},{"@type":"Person","@id":"https:\/\/www.piveteaubois.com\/fr\/#\/schema\/person\/8cad22b1ab569200e5db6d29dec9e7d1","name":"M\u00e9lissa Michaud","url":"https:\/\/www.piveteaubois.com\/fr\/author\/mmichaud"}]}},"_links":{"self":[{"href":"https:\/\/www.piveteaubois.com\/fr\/wp-json\/wp\/v2\/posts\/7218"}],"collection":[{"href":"https:\/\/www.piveteaubois.com\/fr\/wp-json\/wp\/v2\/posts"}],"about":[{"href":"https:\/\/www.piveteaubois.com\/fr\/wp-json\/wp\/v2\/types\/post"}],"author":[{"embeddable":true,"href":"https:\/\/www.piveteaubois.com\/fr\/wp-json\/wp\/v2\/users\/10"}],"replies":[{"embeddable":true,"href":"https:\/\/www.piveteaubois.com\/fr\/wp-json\/wp\/v2\/comments?post=7218"}],"version-history":[{"count":9,"href":"https:\/\/www.piveteaubois.com\/fr\/wp-json\/wp\/v2\/posts\/7218\/revisions"}],"predecessor-version":[{"id":7233,"href":"https:\/\/www.piveteaubois.com\/fr\/wp-json\/wp\/v2\/posts\/7218\/revisions\/7233"}],"wp:featuredmedia":[{"embeddable":true,"href":"https:\/\/www.piveteaubois.com\/fr\/wp-json\/wp\/v2\/media\/7217"}],"wp:attachment":[{"href":"https:\/\/www.piveteaubois.com\/fr\/wp-json\/wp\/v2\/media?parent=7218"}],"wp:term":[{"taxonomy":"category","embeddable":true,"href":"https:\/\/www.piveteaubois.com\/fr\/wp-json\/wp\/v2\/categories?post=7218"},{"taxonomy":"post_tag","embeddable":true,"href":"https:\/\/www.piveteaubois.com\/fr\/wp-json\/wp\/v2\/tags?post=7218"}],"curies":[{"name":"wp","href":"https:\/\/api.w.org\/{rel}","templated":true}]}}