{"id":7572,"date":"2025-12-02T14:28:18","date_gmt":"2025-12-02T13:28:18","guid":{"rendered":"https:\/\/www.piveteaubois.com\/?p=7572"},"modified":"2025-12-02T14:28:18","modified_gmt":"2025-12-02T13:28:18","slug":"reprise-activite-granulation","status":"publish","type":"post","link":"https:\/\/www.piveteaubois.com\/fr\/actualites\/reprise-activite-granulation","title":{"rendered":"Une reconstruction port\u00e9e par la force du collectif"},"content":{"rendered":"\n<p>Le 13 avril dernier, un incendie majeur frappait l\u2019atelier de granulation du site PIVETEAU, en Vend\u00e9e, mettant \u00e0 l\u2019arr\u00eat complet la production. Trois mois plus tard, l\u2019activit\u00e9 red\u00e9marre partiellement pour repartir \u00e0 100 % en septembre. Un record, rendu possible gr\u00e2ce \u00e0 une mobilisation collective exemplaire.<\/p>\n\n\n\n<h2><strong>R\u00e9agir vite, reconstruire ensemble<\/strong><\/h2>\n\n\n\n<p>D\u00e8s les premiers jours, les priorit\u00e9s ont \u00e9t\u00e9 clairement d\u00e9finies : s\u00e9curiser le site, organiser le nettoyage, dresser un \u00e9tat des lieux pr\u00e9cis et planifier la reconstruction.<br>Une cellule projet a imm\u00e9diatement \u00e9t\u00e9 constitu\u00e9e pour piloter l\u2019ensemble des actions.<\/p>\n\n\n\n<p>Sous la coordination des \u00e9quipes Travaux Neufs, Maintenance et Production, \u00e9paul\u00e9es par nos partenaires, la reconstruction a \u00e9t\u00e9 men\u00e9e tambour battant, avec deux priorit\u00e9s : la s\u00e9curit\u00e9 et la modernisation.<\/p>\n\n\n\n<p>Ce que les \u00e9quipes ont accompli t\u00e9moigne d\u2019une formidable solidarit\u00e9 et d\u2019une capacit\u00e9 d\u2019adaptation exceptionnelle.<br>De la sid\u00e9ration \u00e0 l\u2019action, elles ont su transformer l\u2019\u00e9preuve en une opportunit\u00e9 de progr\u00e8s collectif.<\/p>\n\n\n\n<h2><strong>Environnement : transparence et actions concr\u00e8tes<\/strong><\/h2>\n\n\n\n<p>Les analyses r\u00e9alis\u00e9es apr\u00e8s l\u2019incendie sur la qualit\u00e9 de l\u2019air et des sols environnants n\u2019ont r\u00e9v\u00e9l\u00e9 aucun impact significatif.<\/p>\n\n\n\n<h2><strong>Commerce : assurer la continuit\u00e9 pour nos clients<\/strong><\/h2>\n\n\n\n<p>Pendant toute la dur\u00e9e de l\u2019arr\u00eat, la priorit\u00e9 du service commercial a \u00e9t\u00e9 de limiter au maximum l\u2019impact de l\u2019incendie sur nos clients et de pr\u00e9parer une reprise aussi fluide que possible.<\/p>\n\n\n\n<p>Gr\u00e2ce aux stocks disponibles sur parc et dans les silos, les premi\u00e8res commandes ont pu \u00eatre honor\u00e9es sans rupture majeure. D\u00e8s le mois de mai, les \u00e9quipes ont repris l\u2019ensachage.<\/p>\n\n\n\n<p>Ces efforts conjugu\u00e9s ont permis de maintenir la confiance de nos clients et d\u2019assurer une continuit\u00e9 de service dans un contexte in\u00e9dit.<\/p>\n\n\n\n<h2><strong>Une r\u00e9ussite collective<\/strong><\/h2>\n\n\n\n<p>Au-del\u00e0 de la prouesse technique, cette reconstruction est avant tout une aventure humaine : celle d\u2019\u00e9quipes unies, solidaires et engag\u00e9es, qui ont su faire preuve d\u2019entraide et de pers\u00e9v\u00e9rance pour remettre en marche un outil industriel cl\u00e9 de la fili\u00e8re bois.<\/p>\n\n\n\n<p>Un grand merci \u00e0 toutes celles et ceux \u2013 collaborateurs, partenaires et clients \u2013 qui ont contribu\u00e9 \u00e0 cette r\u00e9ussite collective. Osons ensemble la diff\u00e9rence pour entreprendre !<\/p>\n","protected":false},"excerpt":{"rendered":"<p>R\u00e9agir vite, reconstruire ensemble. En quelques mois, l\u2019atelier de granulation a red\u00e9marr\u00e9 \u00e0 100 % gr\u00e2ce \u00e0 la force du collectif.<\/p>\n","protected":false},"author":10,"featured_media":7573,"comment_status":"closed","ping_status":"closed","sticky":false,"template":"","format":"standard","meta":[],"categories":[11],"tags":[],"acf":[],"yoast_head":"<!-- This site is optimized with the Yoast SEO plugin v18.4.1 - https:\/\/yoast.com\/wordpress\/plugins\/seo\/ -->\n<title>Une reconstruction port\u00e9e par la force du collectif - PiveteauBois<\/title>\n<meta name=\"description\" content=\"Quelques mois apr\u00e8s l\u2019incendie qui a touch\u00e9 l\u2019atelier de granulation de Piveteau, la force du collectif a permis sa reconstruction rapide !\" \/>\n<meta name=\"robots\" content=\"index, follow, max-snippet:-1, max-image-preview:large, max-video-preview:-1\" \/>\n<link rel=\"canonical\" href=\"https:\/\/www.piveteaubois.com\/fr\/actualites\/reprise-activite-granulation\" \/>\n<meta property=\"og:locale\" content=\"fr_FR\" \/>\n<meta property=\"og:type\" content=\"article\" \/>\n<meta property=\"og:title\" content=\"Une reconstruction port\u00e9e par la force du collectif - PiveteauBois\" \/>\n<meta property=\"og:description\" content=\"Quelques mois apr\u00e8s l\u2019incendie qui a touch\u00e9 l\u2019atelier de granulation de Piveteau, la force du collectif a permis sa reconstruction rapide !\" \/>\n<meta property=\"og:url\" content=\"https:\/\/www.piveteaubois.com\/fr\/actualites\/reprise-activite-granulation\" \/>\n<meta property=\"og:site_name\" content=\"PiveteauBois\" \/>\n<meta property=\"article:published_time\" content=\"2025-12-02T13:28:18+00:00\" \/>\n<meta property=\"og:image\" content=\"https:\/\/www.piveteaubois.com\/wp-content\/uploads\/2025\/12\/reprise-activite-pellets-piveteau-septembre-2025.jpg\" \/>\n\t<meta property=\"og:image:width\" content=\"200\" \/>\n\t<meta property=\"og:image:height\" content=\"200\" \/>\n\t<meta property=\"og:image:type\" content=\"image\/jpeg\" \/>\n<meta name=\"twitter:card\" content=\"summary\" \/>\n<meta name=\"twitter:label1\" content=\"\u00c9crit par\" \/>\n\t<meta name=\"twitter:data1\" content=\"M\u00e9lissa Michaud\" \/>\n\t<meta name=\"twitter:label2\" content=\"Dur\u00e9e de lecture estim\u00e9e\" \/>\n\t<meta name=\"twitter:data2\" content=\"2 minutes\" \/>\n<script type=\"application\/ld+json\" class=\"yoast-schema-graph\">{\"@context\":\"https:\/\/schema.org\",\"@graph\":[{\"@type\":\"WebSite\",\"@id\":\"https:\/\/www.piveteaubois.com\/fr\/#website\",\"url\":\"https:\/\/www.piveteaubois.com\/fr\/\",\"name\":\"PiveteauBois\",\"description\":\"Piveteaubois sp\u00e9cialiste du bois depuis plus de 75 ans\",\"potentialAction\":[{\"@type\":\"SearchAction\",\"target\":{\"@type\":\"EntryPoint\",\"urlTemplate\":\"https:\/\/www.piveteaubois.com\/fr\/?s={search_term_string}\"},\"query-input\":\"required name=search_term_string\"}],\"inLanguage\":\"fr-FR\"},{\"@type\":\"ImageObject\",\"@id\":\"https:\/\/www.piveteaubois.com\/fr\/actualites\/reprise-activite-granulation#primaryimage\",\"inLanguage\":\"fr-FR\",\"url\":\"https:\/\/www.piveteaubois.com\/wp-content\/uploads\/2025\/12\/reprise-activite-pellets-piveteau-septembre-2025.jpg\",\"contentUrl\":\"https:\/\/www.piveteaubois.com\/wp-content\/uploads\/2025\/12\/reprise-activite-pellets-piveteau-septembre-2025.jpg\",\"width\":200,\"height\":200},{\"@type\":\"WebPage\",\"@id\":\"https:\/\/www.piveteaubois.com\/fr\/actualites\/reprise-activite-granulation#webpage\",\"url\":\"https:\/\/www.piveteaubois.com\/fr\/actualites\/reprise-activite-granulation\",\"name\":\"Une reconstruction port\u00e9e par la force du collectif - PiveteauBois\",\"isPartOf\":{\"@id\":\"https:\/\/www.piveteaubois.com\/fr\/#website\"},\"primaryImageOfPage\":{\"@id\":\"https:\/\/www.piveteaubois.com\/fr\/actualites\/reprise-activite-granulation#primaryimage\"},\"datePublished\":\"2025-12-02T13:28:18+00:00\",\"dateModified\":\"2025-12-02T13:28:18+00:00\",\"author\":{\"@id\":\"https:\/\/www.piveteaubois.com\/fr\/#\/schema\/person\/8cad22b1ab569200e5db6d29dec9e7d1\"},\"description\":\"Quelques mois apr\u00e8s l\u2019incendie qui a touch\u00e9 l\u2019atelier de granulation de Piveteau, la force du collectif a permis sa reconstruction rapide !\",\"breadcrumb\":{\"@id\":\"https:\/\/www.piveteaubois.com\/fr\/actualites\/reprise-activite-granulation#breadcrumb\"},\"inLanguage\":\"fr-FR\",\"potentialAction\":[{\"@type\":\"ReadAction\",\"target\":[\"https:\/\/www.piveteaubois.com\/fr\/actualites\/reprise-activite-granulation\"]}]},{\"@type\":\"BreadcrumbList\",\"@id\":\"https:\/\/www.piveteaubois.com\/fr\/actualites\/reprise-activite-granulation#breadcrumb\",\"itemListElement\":[{\"@type\":\"ListItem\",\"position\":1,\"name\":\"Accueil\",\"item\":\"https:\/\/www.piveteaubois.com\/fr\"},{\"@type\":\"ListItem\",\"position\":2,\"name\":\"Une reconstruction port\u00e9e par la force du collectif\"}]},{\"@type\":\"Person\",\"@id\":\"https:\/\/www.piveteaubois.com\/fr\/#\/schema\/person\/8cad22b1ab569200e5db6d29dec9e7d1\",\"name\":\"M\u00e9lissa Michaud\",\"url\":\"https:\/\/www.piveteaubois.com\/fr\/author\/mmichaud\"}]}<\/script>\n<!-- \/ Yoast SEO plugin. -->","yoast_head_json":{"title":"Une reconstruction port\u00e9e par la force du collectif - PiveteauBois","description":"Quelques mois apr\u00e8s l\u2019incendie qui a touch\u00e9 l\u2019atelier de granulation de Piveteau, la force du collectif a permis sa reconstruction rapide !","robots":{"index":"index","follow":"follow","max-snippet":"max-snippet:-1","max-image-preview":"max-image-preview:large","max-video-preview":"max-video-preview:-1"},"canonical":"https:\/\/www.piveteaubois.com\/fr\/actualites\/reprise-activite-granulation","og_locale":"fr_FR","og_type":"article","og_title":"Une reconstruction port\u00e9e par la force du collectif - PiveteauBois","og_description":"Quelques mois apr\u00e8s l\u2019incendie qui a touch\u00e9 l\u2019atelier de granulation de Piveteau, la force du collectif a permis sa reconstruction rapide !","og_url":"https:\/\/www.piveteaubois.com\/fr\/actualites\/reprise-activite-granulation","og_site_name":"PiveteauBois","article_published_time":"2025-12-02T13:28:18+00:00","og_image":[{"width":200,"height":200,"url":"https:\/\/www.piveteaubois.com\/wp-content\/uploads\/2025\/12\/reprise-activite-pellets-piveteau-septembre-2025.jpg","type":"image\/jpeg"}],"twitter_card":"summary","twitter_misc":{"\u00c9crit par":"M\u00e9lissa Michaud","Dur\u00e9e de lecture estim\u00e9e":"2 minutes"},"schema":{"@context":"https:\/\/schema.org","@graph":[{"@type":"WebSite","@id":"https:\/\/www.piveteaubois.com\/fr\/#website","url":"https:\/\/www.piveteaubois.com\/fr\/","name":"PiveteauBois","description":"Piveteaubois sp\u00e9cialiste du bois depuis plus de 75 ans","potentialAction":[{"@type":"SearchAction","target":{"@type":"EntryPoint","urlTemplate":"https:\/\/www.piveteaubois.com\/fr\/?s={search_term_string}"},"query-input":"required name=search_term_string"}],"inLanguage":"fr-FR"},{"@type":"ImageObject","@id":"https:\/\/www.piveteaubois.com\/fr\/actualites\/reprise-activite-granulation#primaryimage","inLanguage":"fr-FR","url":"https:\/\/www.piveteaubois.com\/wp-content\/uploads\/2025\/12\/reprise-activite-pellets-piveteau-septembre-2025.jpg","contentUrl":"https:\/\/www.piveteaubois.com\/wp-content\/uploads\/2025\/12\/reprise-activite-pellets-piveteau-septembre-2025.jpg","width":200,"height":200},{"@type":"WebPage","@id":"https:\/\/www.piveteaubois.com\/fr\/actualites\/reprise-activite-granulation#webpage","url":"https:\/\/www.piveteaubois.com\/fr\/actualites\/reprise-activite-granulation","name":"Une reconstruction port\u00e9e par la force du collectif - PiveteauBois","isPartOf":{"@id":"https:\/\/www.piveteaubois.com\/fr\/#website"},"primaryImageOfPage":{"@id":"https:\/\/www.piveteaubois.com\/fr\/actualites\/reprise-activite-granulation#primaryimage"},"datePublished":"2025-12-02T13:28:18+00:00","dateModified":"2025-12-02T13:28:18+00:00","author":{"@id":"https:\/\/www.piveteaubois.com\/fr\/#\/schema\/person\/8cad22b1ab569200e5db6d29dec9e7d1"},"description":"Quelques mois apr\u00e8s l\u2019incendie qui a touch\u00e9 l\u2019atelier de granulation de Piveteau, la force du collectif a permis sa reconstruction rapide !","breadcrumb":{"@id":"https:\/\/www.piveteaubois.com\/fr\/actualites\/reprise-activite-granulation#breadcrumb"},"inLanguage":"fr-FR","potentialAction":[{"@type":"ReadAction","target":["https:\/\/www.piveteaubois.com\/fr\/actualites\/reprise-activite-granulation"]}]},{"@type":"BreadcrumbList","@id":"https:\/\/www.piveteaubois.com\/fr\/actualites\/reprise-activite-granulation#breadcrumb","itemListElement":[{"@type":"ListItem","position":1,"name":"Accueil","item":"https:\/\/www.piveteaubois.com\/fr"},{"@type":"ListItem","position":2,"name":"Une reconstruction port\u00e9e par la force du collectif"}]},{"@type":"Person","@id":"https:\/\/www.piveteaubois.com\/fr\/#\/schema\/person\/8cad22b1ab569200e5db6d29dec9e7d1","name":"M\u00e9lissa Michaud","url":"https:\/\/www.piveteaubois.com\/fr\/author\/mmichaud"}]}},"_links":{"self":[{"href":"https:\/\/www.piveteaubois.com\/fr\/wp-json\/wp\/v2\/posts\/7572"}],"collection":[{"href":"https:\/\/www.piveteaubois.com\/fr\/wp-json\/wp\/v2\/posts"}],"about":[{"href":"https:\/\/www.piveteaubois.com\/fr\/wp-json\/wp\/v2\/types\/post"}],"author":[{"embeddable":true,"href":"https:\/\/www.piveteaubois.com\/fr\/wp-json\/wp\/v2\/users\/10"}],"replies":[{"embeddable":true,"href":"https:\/\/www.piveteaubois.com\/fr\/wp-json\/wp\/v2\/comments?post=7572"}],"version-history":[{"count":4,"href":"https:\/\/www.piveteaubois.com\/fr\/wp-json\/wp\/v2\/posts\/7572\/revisions"}],"predecessor-version":[{"id":7578,"href":"https:\/\/www.piveteaubois.com\/fr\/wp-json\/wp\/v2\/posts\/7572\/revisions\/7578"}],"wp:featuredmedia":[{"embeddable":true,"href":"https:\/\/www.piveteaubois.com\/fr\/wp-json\/wp\/v2\/media\/7573"}],"wp:attachment":[{"href":"https:\/\/www.piveteaubois.com\/fr\/wp-json\/wp\/v2\/media?parent=7572"}],"wp:term":[{"taxonomy":"category","embeddable":true,"href":"https:\/\/www.piveteaubois.com\/fr\/wp-json\/wp\/v2\/categories?post=7572"},{"taxonomy":"post_tag","embeddable":true,"href":"https:\/\/www.piveteaubois.com\/fr\/wp-json\/wp\/v2\/tags?post=7572"}],"curies":[{"name":"wp","href":"https:\/\/api.w.org\/{rel}","templated":true}]}}