{"id":7657,"date":"2026-01-12T12:20:27","date_gmt":"2026-01-12T11:20:27","guid":{"rendered":"https:\/\/www.piveteaubois.com\/?p=7657"},"modified":"2026-02-20T12:52:07","modified_gmt":"2026-02-20T11:52:07","slug":"aide-au-fret","status":"publish","type":"post","link":"https:\/\/www.piveteaubois.com\/fr\/non-classe-fr\/aide-au-fret","title":{"rendered":"Aide au fret"},"content":{"rendered":"\n<p>Ce projet est cofinanc\u00e9 par l\u2019Union Europ\u00e9enne et la Collectivit\u00e9 Territoriale de Martinique dans le cadre du programme FEDER 2021-2027. Pour la p\u00e9riode de janvier 2023&nbsp;\u00e0 d\u00e9cembre 2024, une aide au fret d\u2019un montant de 149 675.70&nbsp;\u20ac nous a \u00e9t\u00e9 accord\u00e9e. Ce soutien vient accompagner notre activit\u00e9 en compensant une partie des surco\u00fbts li\u00e9s \u00e0 l\u2019ultrap\u00e9riph\u00e9ricit\u00e9, et favorise l\u2019optimisation de nos importations et de notre production, tout en renfor\u00e7ant notre ancrage en Martinique. Les produits transform\u00e9s seront distribu\u00e9s par l&rsquo;enseigne Vivre en Bois.&nbsp;<\/p>\n\n\n\n<p><\/p>\n\n\n\n<div class=\"wp-block-image\"><figure class=\"aligncenter size-large\"><img loading=\"lazy\" width=\"536\" height=\"170\" src=\"https:\/\/www.piveteaubois.com\/wp-content\/uploads\/2026\/01\/organismes-subventions-aide-au-fret-4.jpg\" alt=\"\" class=\"wp-image-7678\" srcset=\"https:\/\/www.piveteaubois.com\/wp-content\/uploads\/2026\/01\/organismes-subventions-aide-au-fret-4.jpg 536w, https:\/\/www.piveteaubois.com\/wp-content\/uploads\/2026\/01\/organismes-subventions-aide-au-fret-4-300x95.jpg 300w\" sizes=\"(max-width: 536px) 100vw, 536px\" \/><\/figure><\/div>\n","protected":false},"excerpt":{"rendered":"<p>Ce projet est cofinanc\u00e9 par l\u2019Union Europ\u00e9enne et la Collectivit\u00e9 Territoriale de Martinique dans le cadre du programme FEDER 2021-2027. Pour la p\u00e9riode de janvier 2023&nbsp;\u00e0 d\u00e9cembre 2024, une aide au fret d\u2019un montant de 149 675.70&nbsp;\u20ac nous a \u00e9t\u00e9 accord\u00e9e. Ce soutien vient accompagner notre activit\u00e9 en compensant une partie des surco\u00fbts li\u00e9s \u00e0 [&hellip;]<\/p>\n","protected":false},"author":7,"featured_media":7662,"comment_status":"closed","ping_status":"closed","sticky":true,"template":"","format":"standard","meta":[],"categories":[5],"tags":[],"acf":[],"yoast_head":"<!-- This site is optimized with the Yoast SEO plugin v18.4.1 - https:\/\/yoast.com\/wordpress\/plugins\/seo\/ -->\n<title>Subvention Union Europ\u00e9enne<\/title>\n<meta name=\"description\" content=\"Projet cofinanc\u00e9 par l\u2019Union europ\u00e9enne et la Collectivit\u00e9 Territoriale de Martinique dans le cadre du programme FEDER 2021-2027.\" \/>\n<meta name=\"robots\" content=\"index, follow, max-snippet:-1, max-image-preview:large, max-video-preview:-1\" \/>\n<link rel=\"canonical\" href=\"https:\/\/www.piveteaubois.com\/fr\/non-classe-fr\/aide-au-fret\" \/>\n<meta property=\"og:locale\" content=\"fr_FR\" \/>\n<meta property=\"og:type\" content=\"article\" \/>\n<meta property=\"og:title\" content=\"Subvention Union Europ\u00e9enne\" \/>\n<meta property=\"og:description\" content=\"Projet cofinanc\u00e9 par l\u2019Union europ\u00e9enne et la Collectivit\u00e9 Territoriale de Martinique dans le cadre du programme FEDER 2021-2027.\" \/>\n<meta property=\"og:url\" content=\"https:\/\/www.piveteaubois.com\/fr\/non-classe-fr\/aide-au-fret\" \/>\n<meta property=\"og:site_name\" content=\"PiveteauBois\" \/>\n<meta property=\"article:published_time\" content=\"2026-01-12T11:20:27+00:00\" \/>\n<meta property=\"article:modified_time\" content=\"2026-02-20T11:52:07+00:00\" \/>\n<meta property=\"og:image\" content=\"https:\/\/www.piveteaubois.com\/wp-content\/uploads\/2026\/01\/image-miniature-aide-fret.jpg\" \/>\n\t<meta property=\"og:image:width\" content=\"200\" \/>\n\t<meta property=\"og:image:height\" content=\"200\" \/>\n\t<meta property=\"og:image:type\" content=\"image\/jpeg\" \/>\n<meta name=\"twitter:card\" content=\"summary\" \/>\n<meta name=\"twitter:label1\" content=\"\u00c9crit par\" \/>\n\t<meta name=\"twitter:data1\" content=\"Sophie Jan\" \/>\n\t<meta name=\"twitter:label2\" content=\"Dur\u00e9e de lecture estim\u00e9e\" \/>\n\t<meta name=\"twitter:data2\" content=\"1 minute\" \/>\n<script type=\"application\/ld+json\" class=\"yoast-schema-graph\">{\"@context\":\"https:\/\/schema.org\",\"@graph\":[{\"@type\":\"WebSite\",\"@id\":\"https:\/\/www.piveteaubois.com\/fr\/#website\",\"url\":\"https:\/\/www.piveteaubois.com\/fr\/\",\"name\":\"PiveteauBois\",\"description\":\"Piveteaubois sp\u00e9cialiste du bois depuis plus de 75 ans\",\"potentialAction\":[{\"@type\":\"SearchAction\",\"target\":{\"@type\":\"EntryPoint\",\"urlTemplate\":\"https:\/\/www.piveteaubois.com\/fr\/?s={search_term_string}\"},\"query-input\":\"required name=search_term_string\"}],\"inLanguage\":\"fr-FR\"},{\"@type\":\"ImageObject\",\"@id\":\"https:\/\/www.piveteaubois.com\/fr\/non-classe-fr\/aide-au-fret#primaryimage\",\"inLanguage\":\"fr-FR\",\"url\":\"https:\/\/www.piveteaubois.com\/wp-content\/uploads\/2026\/01\/image-miniature-aide-fret.jpg\",\"contentUrl\":\"https:\/\/www.piveteaubois.com\/wp-content\/uploads\/2026\/01\/image-miniature-aide-fret.jpg\",\"width\":200,\"height\":200,\"caption\":\"aide au fret\"},{\"@type\":\"WebPage\",\"@id\":\"https:\/\/www.piveteaubois.com\/fr\/non-classe-fr\/aide-au-fret#webpage\",\"url\":\"https:\/\/www.piveteaubois.com\/fr\/non-classe-fr\/aide-au-fret\",\"name\":\"Subvention Union Europ\u00e9enne\",\"isPartOf\":{\"@id\":\"https:\/\/www.piveteaubois.com\/fr\/#website\"},\"primaryImageOfPage\":{\"@id\":\"https:\/\/www.piveteaubois.com\/fr\/non-classe-fr\/aide-au-fret#primaryimage\"},\"datePublished\":\"2026-01-12T11:20:27+00:00\",\"dateModified\":\"2026-02-20T11:52:07+00:00\",\"author\":{\"@id\":\"https:\/\/www.piveteaubois.com\/fr\/#\/schema\/person\/d08f366a692c2101babc23186424d408\"},\"description\":\"Projet cofinanc\u00e9 par l\u2019Union europ\u00e9enne et la Collectivit\u00e9 Territoriale de Martinique dans le cadre du programme FEDER 2021-2027.\",\"breadcrumb\":{\"@id\":\"https:\/\/www.piveteaubois.com\/fr\/non-classe-fr\/aide-au-fret#breadcrumb\"},\"inLanguage\":\"fr-FR\",\"potentialAction\":[{\"@type\":\"ReadAction\",\"target\":[\"https:\/\/www.piveteaubois.com\/fr\/non-classe-fr\/aide-au-fret\"]}]},{\"@type\":\"BreadcrumbList\",\"@id\":\"https:\/\/www.piveteaubois.com\/fr\/non-classe-fr\/aide-au-fret#breadcrumb\",\"itemListElement\":[{\"@type\":\"ListItem\",\"position\":1,\"name\":\"Accueil\",\"item\":\"https:\/\/www.piveteaubois.com\/fr\"},{\"@type\":\"ListItem\",\"position\":2,\"name\":\"Aide au fret\"}]},{\"@type\":\"Person\",\"@id\":\"https:\/\/www.piveteaubois.com\/fr\/#\/schema\/person\/d08f366a692c2101babc23186424d408\",\"name\":\"Sophie Jan\",\"url\":\"https:\/\/www.piveteaubois.com\/fr\/author\/sjan\"}]}<\/script>\n<!-- \/ Yoast SEO plugin. -->","yoast_head_json":{"title":"Subvention Union Europ\u00e9enne","description":"Projet cofinanc\u00e9 par l\u2019Union europ\u00e9enne et la Collectivit\u00e9 Territoriale de Martinique dans le cadre du programme FEDER 2021-2027.","robots":{"index":"index","follow":"follow","max-snippet":"max-snippet:-1","max-image-preview":"max-image-preview:large","max-video-preview":"max-video-preview:-1"},"canonical":"https:\/\/www.piveteaubois.com\/fr\/non-classe-fr\/aide-au-fret","og_locale":"fr_FR","og_type":"article","og_title":"Subvention Union Europ\u00e9enne","og_description":"Projet cofinanc\u00e9 par l\u2019Union europ\u00e9enne et la Collectivit\u00e9 Territoriale de Martinique dans le cadre du programme FEDER 2021-2027.","og_url":"https:\/\/www.piveteaubois.com\/fr\/non-classe-fr\/aide-au-fret","og_site_name":"PiveteauBois","article_published_time":"2026-01-12T11:20:27+00:00","article_modified_time":"2026-02-20T11:52:07+00:00","og_image":[{"width":200,"height":200,"url":"https:\/\/www.piveteaubois.com\/wp-content\/uploads\/2026\/01\/image-miniature-aide-fret.jpg","type":"image\/jpeg"}],"twitter_card":"summary","twitter_misc":{"\u00c9crit par":"Sophie Jan","Dur\u00e9e de lecture estim\u00e9e":"1 minute"},"schema":{"@context":"https:\/\/schema.org","@graph":[{"@type":"WebSite","@id":"https:\/\/www.piveteaubois.com\/fr\/#website","url":"https:\/\/www.piveteaubois.com\/fr\/","name":"PiveteauBois","description":"Piveteaubois sp\u00e9cialiste du bois depuis plus de 75 ans","potentialAction":[{"@type":"SearchAction","target":{"@type":"EntryPoint","urlTemplate":"https:\/\/www.piveteaubois.com\/fr\/?s={search_term_string}"},"query-input":"required name=search_term_string"}],"inLanguage":"fr-FR"},{"@type":"ImageObject","@id":"https:\/\/www.piveteaubois.com\/fr\/non-classe-fr\/aide-au-fret#primaryimage","inLanguage":"fr-FR","url":"https:\/\/www.piveteaubois.com\/wp-content\/uploads\/2026\/01\/image-miniature-aide-fret.jpg","contentUrl":"https:\/\/www.piveteaubois.com\/wp-content\/uploads\/2026\/01\/image-miniature-aide-fret.jpg","width":200,"height":200,"caption":"aide au fret"},{"@type":"WebPage","@id":"https:\/\/www.piveteaubois.com\/fr\/non-classe-fr\/aide-au-fret#webpage","url":"https:\/\/www.piveteaubois.com\/fr\/non-classe-fr\/aide-au-fret","name":"Subvention Union Europ\u00e9enne","isPartOf":{"@id":"https:\/\/www.piveteaubois.com\/fr\/#website"},"primaryImageOfPage":{"@id":"https:\/\/www.piveteaubois.com\/fr\/non-classe-fr\/aide-au-fret#primaryimage"},"datePublished":"2026-01-12T11:20:27+00:00","dateModified":"2026-02-20T11:52:07+00:00","author":{"@id":"https:\/\/www.piveteaubois.com\/fr\/#\/schema\/person\/d08f366a692c2101babc23186424d408"},"description":"Projet cofinanc\u00e9 par l\u2019Union europ\u00e9enne et la Collectivit\u00e9 Territoriale de Martinique dans le cadre du programme FEDER 2021-2027.","breadcrumb":{"@id":"https:\/\/www.piveteaubois.com\/fr\/non-classe-fr\/aide-au-fret#breadcrumb"},"inLanguage":"fr-FR","potentialAction":[{"@type":"ReadAction","target":["https:\/\/www.piveteaubois.com\/fr\/non-classe-fr\/aide-au-fret"]}]},{"@type":"BreadcrumbList","@id":"https:\/\/www.piveteaubois.com\/fr\/non-classe-fr\/aide-au-fret#breadcrumb","itemListElement":[{"@type":"ListItem","position":1,"name":"Accueil","item":"https:\/\/www.piveteaubois.com\/fr"},{"@type":"ListItem","position":2,"name":"Aide au fret"}]},{"@type":"Person","@id":"https:\/\/www.piveteaubois.com\/fr\/#\/schema\/person\/d08f366a692c2101babc23186424d408","name":"Sophie Jan","url":"https:\/\/www.piveteaubois.com\/fr\/author\/sjan"}]}},"_links":{"self":[{"href":"https:\/\/www.piveteaubois.com\/fr\/wp-json\/wp\/v2\/posts\/7657"}],"collection":[{"href":"https:\/\/www.piveteaubois.com\/fr\/wp-json\/wp\/v2\/posts"}],"about":[{"href":"https:\/\/www.piveteaubois.com\/fr\/wp-json\/wp\/v2\/types\/post"}],"author":[{"embeddable":true,"href":"https:\/\/www.piveteaubois.com\/fr\/wp-json\/wp\/v2\/users\/7"}],"replies":[{"embeddable":true,"href":"https:\/\/www.piveteaubois.com\/fr\/wp-json\/wp\/v2\/comments?post=7657"}],"version-history":[{"count":10,"href":"https:\/\/www.piveteaubois.com\/fr\/wp-json\/wp\/v2\/posts\/7657\/revisions"}],"predecessor-version":[{"id":7679,"href":"https:\/\/www.piveteaubois.com\/fr\/wp-json\/wp\/v2\/posts\/7657\/revisions\/7679"}],"wp:featuredmedia":[{"embeddable":true,"href":"https:\/\/www.piveteaubois.com\/fr\/wp-json\/wp\/v2\/media\/7662"}],"wp:attachment":[{"href":"https:\/\/www.piveteaubois.com\/fr\/wp-json\/wp\/v2\/media?parent=7657"}],"wp:term":[{"taxonomy":"category","embeddable":true,"href":"https:\/\/www.piveteaubois.com\/fr\/wp-json\/wp\/v2\/categories?post=7657"},{"taxonomy":"post_tag","embeddable":true,"href":"https:\/\/www.piveteaubois.com\/fr\/wp-json\/wp\/v2\/tags?post=7657"}],"curies":[{"name":"wp","href":"https:\/\/api.w.org\/{rel}","templated":true}]}}